{"id":5114,"date":"2026-09-02T16:39:13","date_gmt":"2026-09-02T19:39:13","guid":{"rendered":"https:\/\/nextage.com.br\/blog\/?p=5114"},"modified":"2026-09-02T16:39:13","modified_gmt":"2026-09-02T19:39:13","slug":"areas-de-ti-em-alta-para-2027-tendencias-dados-e-como-se-preparar","status":"publish","type":"post","link":"https:\/\/nextage.com.br\/blog\/areas-de-ti-em-alta-para-2027-tendencias-dados-e-como-se-preparar\/","title":{"rendered":"\u00c1reas de TI em alta para 2027: tend\u00eancias, dados e como se preparar"},"content":{"rendered":"<p dir=\"ltr\">Segundo o <a href=\"https:\/\/esr.rnp.br\/rh\/futuro-do-trabalho-carreiras-de-ti\/\" target=\"_blank\" rel=\"noopener\">F\u00f3rum Econ\u00f4mico Mundial<\/a>, 9 dos 10 empregos com maior potencial de crescimento at\u00e9 2027 est\u00e3o diretamente ligados \u00e0 tecnologia. Para quem trabalha com TI, isso confirma o que j\u00e1 era esperado: intelig\u00eancia artificial, dados, ciberseguran\u00e7a e desenvolvimento de software seguem no centro da economia. Para quem lidera equipes de tecnologia, o dado tem outro peso, pois aponta onde o or\u00e7amento e o time precisam estar nos pr\u00f3ximos meses, mesmo diante de um mercado que segue disputando talento qualificado.<\/p>\n<p dir=\"ltr\">Este guia re\u00fane os dados mais recentes sobre o tema (WEF, Gartner e Brasscom), organiza as \u00e1reas que mais devem crescer at\u00e9 2027 e mostra o que essa mudan\u00e7a significa tanto para quem constr\u00f3i carreira em TI quanto para quem precisa decidir, na pr\u00e1tica, onde investir.<\/p>\n<p dir=\"ltr\"><img loading=\"lazy\" decoding=\"async\" class=\"aligncenter size-full wp-image-5115\" src=\"https:\/\/nextage.com.br\/blog\/wp-content\/uploads\/2026\/09\/Areas-de-TI-em-alta-para-2027.avif\" alt=\"Executivo de terno aponta para o texto &quot;I.T.&quot; em um painel digital com \u00edcones de tecnologia, gest\u00e3o e neg\u00f3cios, representando as \u00e1reas de TI em alta para 2027.\" width=\"1200\" height=\"800\" srcset=\"https:\/\/nextage.com.br\/blog\/wp-content\/uploads\/2026\/09\/Areas-de-TI-em-alta-para-2027.avif 1200w, https:\/\/nextage.com.br\/blog\/wp-content\/uploads\/2026\/09\/Areas-de-TI-em-alta-para-2027-300x200.avif 300w, https:\/\/nextage.com.br\/blog\/wp-content\/uploads\/2026\/09\/Areas-de-TI-em-alta-para-2027-1024x683.avif 1024w, https:\/\/nextage.com.br\/blog\/wp-content\/uploads\/2026\/09\/Areas-de-TI-em-alta-para-2027-768x512.avif 768w, https:\/\/nextage.com.br\/blog\/wp-content\/uploads\/2026\/09\/Areas-de-TI-em-alta-para-2027-150x100.avif 150w, https:\/\/nextage.com.br\/blog\/wp-content\/uploads\/2026\/09\/Areas-de-TI-em-alta-para-2027-330x220.avif 330w, https:\/\/nextage.com.br\/blog\/wp-content\/uploads\/2026\/09\/Areas-de-TI-em-alta-para-2027-420x280.avif 420w, https:\/\/nextage.com.br\/blog\/wp-content\/uploads\/2026\/09\/Areas-de-TI-em-alta-para-2027-510x340.avif 510w\" sizes=\"auto, (max-width: 1200px) 100vw, 1200px\" \/><\/p>\n<h2 dir=\"ltr\"><strong>Por que 2027 \u00e9 um ano de virada para a TI?<\/strong><\/h2>\n<p dir=\"ltr\">A acelera\u00e7\u00e3o da IA generativa nos \u00faltimos dois anos mudou o ritmo de quase todas as \u00e1reas de tecnologia. N\u00e3o \u00e9 s\u00f3 sobre adotar novas ferramentas: \u00e9 sobre repensar processos inteiros de desenvolvimento, seguran\u00e7a e gest\u00e3o de dados. O pr\u00f3prio F\u00f3rum Econ\u00f4mico Mundial estima que 60% da for\u00e7a de trabalho global precisar\u00e1 ser requalificada at\u00e9 2027, e que quase metade das compet\u00eancias usadas hoje deve perder relev\u00e2ncia no mesmo per\u00edodo, conforme aponta reportagem do <a href=\"https:\/\/itforum.com.br\/noticias\/como-brasil-pode-superar-deficit-profissional-ti\/\" target=\"_blank\" rel=\"noopener\">IT Forum<\/a> com base no relat\u00f3rio do f\u00f3rum.<\/p>\n<p dir=\"ltr\">Esse ritmo cria um problema concreto para empresas de todos os portes: a velocidade das mudan\u00e7as tecnol\u00f3gicas \u00e9 maior do que a velocidade com que times internos conseguem se adaptar, contratar e treinar. \u00c9 um cen\u00e1rio em que planejar bem qual \u00e1rea priorizar j\u00e1 n\u00e3o \u00e9 suficiente; tamb\u00e9m \u00e9 preciso ter, de fato, quem execute.<\/p>\n<h2 dir=\"ltr\"><strong>As \u00e1reas de TI que mais v\u00e3o crescer em 2027<\/strong><\/h2>\n<p dir=\"ltr\">O ranking mais recente do F\u00f3rum Econ\u00f4mico Mundial, no relat\u00f3rio <em>Future of Jobs<\/em>, projeta o crescimento percentual de cada fun\u00e7\u00e3o de tecnologia at\u00e9 o fim da d\u00e9cada. Os n\u00fameros ajudam a entender onde a demanda vai se concentrar primeiro.<\/p>\n<h3 dir=\"ltr\"><em>Intelig\u00eancia artificial e machine learning<\/em><\/h3>\n<p dir=\"ltr\">Especialistas em IA e machine learning devem crescer 82% em demanda, segundo o <a href=\"https:\/\/www.weforum.org\/stories\/2025\/01\/future-of-jobs-report-2025-jobs-of-the-future-and-the-skills-you-need-to-get-them\/\" target=\"_blank\" rel=\"noopener\">WEF<\/a>. O avan\u00e7o n\u00e3o se limita a cientistas de dados puros: cresce tamb\u00e9m a procura por profissionais que sabem aplicar IA a processos de neg\u00f3cio, integrar modelos a sistemas existentes e treinar times para usar essas ferramentas no dia a dia.<\/p>\n<h3 dir=\"ltr\"><strong><em>Big Data e engenharia de dados<\/em><\/strong><\/h3>\n<p dir=\"ltr\">\u00c9 a \u00e1rea com maior crescimento percentual entre todas: 113%, de acordo com o mesmo levantamento do <a href=\"https:\/\/www.weforum.org\/stories\/2025\/01\/future-of-jobs-report-2025-jobs-of-the-future-and-the-skills-you-need-to-get-them\/\" target=\"_blank\" rel=\"noopener\">F\u00f3rum Econ\u00f4mico Mundial<\/a>. Faz sentido: toda iniciativa de IA depende de dados organizados, limpos e acess\u00edveis; sem uma base s\u00f3lida de engenharia de dados, qualquer projeto de automa\u00e7\u00e3o ou an\u00e1lise avan\u00e7ada perde efic\u00e1cia.<\/p>\n<h3 dir=\"ltr\"><em>Ciberseguran\u00e7a<\/em><\/h3>\n<p dir=\"ltr\">A demanda por especialistas em gest\u00e3o de seguran\u00e7a cresce 53%, segundo o WEF. No Brasil, o cen\u00e1rio refor\u00e7a essa tend\u00eancia: de acordo com o <a href=\"https:\/\/www.evanta.com\/resources\/cio\/survey-report\/top-3-priorities-for-cios-in-2025\" target=\"_blank\" rel=\"noopener\">Gartner CIO Agenda<\/a>, ciberseguran\u00e7a e gest\u00e3o de risco s\u00e3o a prioridade n\u00famero um dos CIOs pelo quarto ano consecutivo. O Gartner tamb\u00e9m projeta que, at\u00e9 2030, solu\u00e7\u00f5es de ciberseguran\u00e7a preemptiva (que agem antes do ataque acontecer, e n\u00e3o depois) devem responder por metade de todo o investimento em seguran\u00e7a, conforme <a href=\"https:\/\/www.gartner.com\/en\/newsroom\/press-releases\/2025-10-20-gartner-identifies-the-top-strategic-technology-trends-for-2026\" target=\"_blank\" rel=\"noopener\">anunciado pela pr\u00f3pria consultoria<\/a>.<\/p>\n<h3 dir=\"ltr\"><em>Cloud Computing<\/em><\/h3>\n<p dir=\"ltr\">A migra\u00e7\u00e3o para nuvem segue como base de qualquer estrat\u00e9gia de moderniza\u00e7\u00e3o. Empresas que ainda operam com infraestrutura pr\u00f3pria (on-premise) enfrentam limita\u00e7\u00f5es de escala e custo que dificultam competir com quem j\u00e1 opera em cloud. A demanda por especialistas capazes de desenhar, migrar e manter arquiteturas em nuvem continua entre as mais altas do setor.<\/p>\n<h3 dir=\"ltr\"><em>Desenvolvimento de Software e Produtos Digitais<\/em><\/h3>\n<p dir=\"ltr\">Desenvolvedores de software e aplica\u00e7\u00f5es devem crescer 57% em demanda at\u00e9 o fim da d\u00e9cada, tamb\u00e9m segundo o <a href=\"https:\/\/www.weforum.org\/stories\/2025\/01\/future-of-jobs-report-2025-jobs-of-the-future-and-the-skills-you-need-to-get-them\/\" target=\"_blank\" rel=\"noopener\">WEF<\/a>. \u00c9 uma das \u00e1reas mais amplas da lista, pois cobre desde produtos digitais voltados ao cliente final at\u00e9 sistemas internos de gest\u00e3o, e \u00e9 justamente aqui que a maioria das empresas sente o gargalo com mais for\u00e7a: sabe que precisa desenvolver, mas nem sempre tem o time dispon\u00edvel na hora certa. \u00c9 o caso, por exemplo, de projetos de moderniza\u00e7\u00e3o de sistemas legados ou de novos produtos que dependem de squads full-stack dedicados, com escopo e prazo bem definidos, para sair do papel sem comprometer a opera\u00e7\u00e3o j\u00e1 existente.<\/p>\n<h3 dir=\"ltr\"><em>FinTech Engineering<\/em><\/h3>\n<p dir=\"ltr\">Engenheiros voltados a solu\u00e7\u00f5es financeiras devem crescer 93% em demanda, ficando atr\u00e1s apenas de Big Data no ranking do WEF. O avan\u00e7o reflete a digitaliza\u00e7\u00e3o acelerada de bancos, fintechs e empresas de outros setores que passaram a oferecer servi\u00e7os financeiros como parte do pr\u00f3prio produto.<\/p>\n<h3 dir=\"ltr\"><em>UX\/UI e Design de Produto<\/em><\/h3>\n<p dir=\"ltr\">Designers de UI\/UX aparecem com 48% de crescimento projetado. Ainda que a tecnologia por tr\u00e1s de um produto seja robusta, a experi\u00eancia de uso segue sendo decisiva para ado\u00e7\u00e3o e reten\u00e7\u00e3o, o que mant\u00e9m esses profissionais entre os mais requisitados por empresas de tecnologia.<\/p>\n<h2 dir=\"ltr\"><strong>O maior obst\u00e1culo n\u00e3o \u00e9 saber a tend\u00eancia, \u00e9 n\u00e3o ter o time para execut\u00e1-la<\/strong><\/h2>\n<p dir=\"ltr\">At\u00e9 aqui, os dados mostram com clareza para onde o mercado est\u00e1 indo. O desafio real, por\u00e9m, aparece na hora de transformar esse mapa em execu\u00e7\u00e3o. No Brasil, o descompasso entre demanda e forma\u00e7\u00e3o de profissionais de TI \u00e9 significativo: segundo o relat\u00f3rio setorial mais recente da Brasscom, citado pelo <a href=\"https:\/\/itforum.com.br\/noticias\/como-brasil-pode-superar-deficit-profissional-ti\/\" target=\"_blank\" rel=\"noopener\">IT Forum<\/a>, houve um descasamento de 30,2% entre oferta e demanda de profissionais de TIC entre 2019 e 2024; o setor precisou de 665 mil profissionais no per\u00edodo, mas apenas 464 mil se formaram.<\/p>\n<p dir=\"ltr\">O peso econ\u00f4mico desse mercado torna o problema ainda mais evidente: o setor de TIC movimentou mais de R$ 760 bilh\u00f5es em 2024 (o equivalente a 6,5% do PIB brasileiro), com expectativa de R$ 774 bilh\u00f5es em investimentos em tecnologias digitais at\u00e9 2028, segundo a mesma fonte. Ou seja: o dinheiro para investir em tecnologia existe e est\u00e1 sendo direcionado; o gargalo est\u00e1 em encontrar, contratar e reter quem vai colocar isso em pr\u00e1tica, especialmente em \u00e1reas como desenvolvimento de software, ci\u00eancia de dados, cloud e ciberseguran\u00e7a, apontadas como as mais disputadas do momento.<\/p>\n<p dir=\"ltr\">\u00c9 exatamente esse gargalo que faz cada vez mais empresas repensarem o modelo de contrata\u00e7\u00e3o. Em vez de depender apenas de processos seletivos internos, que costumam levar meses em \u00e1reas de alta demanda, muitas optam por complementar o time com squads dedicados: profissionais j\u00e1 validados tecnicamente, prontos para atuar sob a gest\u00e3o da pr\u00f3pria empresa, com escopo, prazo e SLA definidos desde o in\u00edcio. \u00c9 o modelo de <a href=\"https:\/\/nextage.com.br\/servicos\/projetos-de-software\/\" target=\"_blank\" rel=\"noopener\">projetos de software com squad dedicado<\/a> que a NextAge estrutura h\u00e1 19 anos, unindo desenvolvedores full-stack, UX designers, QAs, DevOps e analistas em um \u00fanico time, formado sob medida para cada projeto.<\/p>\n<h2 dir=\"ltr\"><strong>O que muda para quem lidera TI?\u00a0<\/strong><\/h2>\n<p dir=\"ltr\">Para CTOs e gestores de tecnologia, os dados de mercado se traduzem em decis\u00f5es concretas de onde investir e o que priorizar em 2027. O Gartner aponta algumas dire\u00e7\u00f5es espec\u00edficas para os pr\u00f3ximos ciclos:<\/p>\n<p dir=\"ltr\">Primeiro, o avan\u00e7o de plataformas de desenvolvimento nativas em IA, que permitem que equipes menores construam software com apoio de IA generativa de forma mais r\u00e1pida e cada vez mais pronta para uso corporativo, <a href=\"https:\/\/www.gartner.com\/en\/articles\/top-technology-trends-2026\" target=\"_blank\" rel=\"noopener\">segundo o pr\u00f3prio Gartner<\/a>. Segundo, a proje\u00e7\u00e3o de que, at\u00e9 2027, as empresas usar\u00e3o tr\u00eas vezes mais modelos de IA pequenos e espec\u00edficos para tarefas (os chamados SLMs) do que grandes modelos de prop\u00f3sito geral, <a href=\"https:\/\/www.softdesign.com.br\/blog\/tendencias-de-tecnologia\/\" target=\"_blank\" rel=\"noopener\">conforme an\u00e1lise divulgada pela Softdesign<\/a> com base em dados da consultoria. E terceiro, o avan\u00e7o da &#8220;physical AI&#8221;, que leva intelig\u00eancia artificial para rob\u00f4s, drones e equipamentos que sentem, decidem e agem no mundo f\u00edsico, exigindo compet\u00eancias que conectam TI, opera\u00e7\u00f5es e engenharia, como <a href=\"https:\/\/www.gartner.com\/en\/newsroom\/press-releases\/2025-10-20-gartner-identifies-the-top-strategic-technology-trends-for-2026\" target=\"_blank\" rel=\"noopener\">descrito pelo Gartner<\/a>.<\/p>\n<p dir=\"ltr\">Na pr\u00e1tica, isso significa que a forma de desenvolver software tamb\u00e9m est\u00e1 mudando, e n\u00e3o s\u00f3 o que se desenvolve. Empresas que j\u00e1 aplicam IA ao pr\u00f3prio processo de cria\u00e7\u00e3o de c\u00f3digo (n\u00e3o apenas ao produto final) tendem a ganhar velocidade sem abrir m\u00e3o de qualidade. \u00c9 esse o princ\u00edpio por tr\u00e1s do NextFlow AI, metodologia pr\u00f3pria da NextAge que une intelig\u00eancia artificial e expertise humana em cada etapa do desenvolvimento, do mapeamento de escopo ao code review, reduzindo retrabalho e aumentando a previsibilidade de entrega.<\/p>\n<h3 dir=\"ltr\"><strong>Como se preparar para 2027<\/strong><\/h3>\n<p dir=\"ltr\">Para quem constr\u00f3i carreira em TI, o caminho mais eficiente n\u00e3o \u00e9 tentar dominar todas as \u00e1reas ao mesmo tempo, e sim escolher uma trilha alinhada ao pr\u00f3prio perfil (dados, seguran\u00e7a, desenvolvimento, cloud) e se aprofundar nela com const\u00e2ncia, acompanhando de perto como a IA est\u00e1 mudando as ferramentas e os processos dessa \u00e1rea espec\u00edfica.<\/p>\n<p dir=\"ltr\">Para quem lidera equipes de tecnologia, a pergunta central deixa de ser apenas &#8220;qual \u00e1rea vale mais a pena&#8221;. Antes disso, \u00e9 preciso avaliar se o time atual tem capacidade real de executar o que foi planejado, dentro do prazo que o neg\u00f3cio exige. Quando a resposta \u00e9 n\u00e3o (seja por falta de profissionais dispon\u00edveis no mercado, seja por backlog que j\u00e1 n\u00e3o cabe na equipe interna), somar um squad externo dedicado costuma ser mais r\u00e1pido e previs\u00edvel do que abrir um processo de contrata\u00e7\u00e3o que pode levar meses em \u00e1reas onde a concorr\u00eancia por talento \u00e9 alta.<\/p>\n<p dir=\"ltr\">Se a sua empresa j\u00e1 sabe qual \u00e1rea de TI precisa fortalecer em 2027, mas ainda n\u00e3o tem o time para tirar isso do papel, <a href=\"https:\/\/nextage.com.br\/servicos\/projetos-de-software\/\" target=\"_blank\" rel=\"noopener\">converse com a NextAge<\/a>. O processo come\u00e7a com uma conversa sem custo, para entender o desafio t\u00e9cnico e mostrar como um squad full-stack, com SLA garantido e qualidade validada por IA, pode assumir o projeto sob a sua gest\u00e3o, do primeiro requisito ao \u00faltimo commit.<\/p>\n<h2 dir=\"ltr\"><strong>Perguntas frequentes<\/strong><\/h2>\n<h3 dir=\"ltr\"><strong>Quais s\u00e3o as \u00e1reas de TI que mais v\u00e3o crescer at\u00e9 2027?<\/strong><\/h3>\n<p dir=\"ltr\">De acordo com o F\u00f3rum Econ\u00f4mico Mundial, as \u00e1reas com maior crescimento projetado s\u00e3o Big Data (113%), FinTech Engineering (93%), Intelig\u00eancia Artificial e Machine Learning (82%), Desenvolvimento de Software (57%), Gest\u00e3o de Seguran\u00e7a (53%) e UX\/UI Design (48%).<\/p>\n<h3 dir=\"ltr\"><strong>Por que faltam profissionais de TI no Brasil mesmo com tanta demanda?<\/strong><\/h3>\n<p dir=\"ltr\">Segundo dados da Brasscom, entre 2019 e 2024 o setor de TIC demandou 665 mil profissionais, mas apenas 464 mil se formaram no per\u00edodo, um descasamento de 30,2% entre oferta e demanda que se concentra especialmente em desenvolvimento de software, dados, cloud e ciberseguran\u00e7a.<\/p>\n<h3 dir=\"ltr\"><strong>Vale mais contratar um time interno ou terceirizar o desenvolvimento em 2027?<\/strong><\/h3>\n<p dir=\"ltr\">Depende da urg\u00eancia e da disponibilidade de talento na \u00e1rea espec\u00edfica. Para projetos estrat\u00e9gicos com prazo definido, em \u00e1reas onde a contrata\u00e7\u00e3o interna costuma ser mais lenta, um squad dedicado (como o modelo de <a href=\"https:\/\/nextage.com.br\/servicos\/projetos-de-software\/\" target=\"_blank\" rel=\"noopener\">projetos de software da NextAge<\/a>) permite manter o controle da gest\u00e3o sem depender do tempo de um processo seletivo completo.<\/p>\n<h3 dir=\"ltr\"><strong>Como a intelig\u00eancia artificial est\u00e1 mudando o desenvolvimento de software?<\/strong><\/h3>\n<p dir=\"ltr\">Al\u00e9m de aparecer no produto final, a IA passou a integrar o pr\u00f3prio processo de desenvolvimento, apoiando desde o mapeamento de escopo at\u00e9 o code review. O Gartner projeta que plataformas de desenvolvimento nativas em IA v\u00e3o se tornar cada vez mais comuns em ambientes corporativos.<\/p>\n<h3 dir=\"ltr\"><strong>Como preparar minha empresa para as tend\u00eancias de TI de 2027?<\/strong><\/h3>\n<p dir=\"ltr\">O primeiro passo \u00e9 mapear quais \u00e1reas (IA, dados, ciberseguran\u00e7a, cloud, desenvolvimento) s\u00e3o mais cr\u00edticas para o seu neg\u00f3cio nos pr\u00f3ximos anos. Em seguida, avaliar se o time interno consegue executar essa prioridade no prazo necess\u00e1rio; quando n\u00e3o consegue, complementar a opera\u00e7\u00e3o com um squad t\u00e9cnico dedicado costuma ser o caminho mais r\u00e1pido para n\u00e3o perder competitividade.<\/p>\n<h2 dir=\"ltr\"><strong>Conclus\u00e3o<\/strong><\/h2>\n<p dir=\"ltr\">As \u00e1reas de TI em alta para 2027 j\u00e1 est\u00e3o bem mapeadas: intelig\u00eancia artificial, dados, ciberseguran\u00e7a, cloud, desenvolvimento de software e FinTech seguem no topo da demanda global e nacional. O verdadeiro desafio n\u00e3o est\u00e1 mais em identificar essas tend\u00eancias, e sim em ter o time certo para transform\u00e1-las em resultado dentro do prazo que o mercado exige. Empresas que resolverem esse gargalo primeiro (seja formando, seja complementando seus times) v\u00e3o sair na frente.<\/p>\n<p><script type=\"application\/ld+json\">\n{\n  \"@context\": \"https:\/\/schema.org\",\n  \"@type\": \"FAQPage\",\n  \"mainEntity\": [\n    {\n      \"@type\": \"Question\",\n      \"name\": \"Quais s\u00e3o as \u00e1reas de TI que mais v\u00e3o crescer at\u00e9 2027?\",\n      \"acceptedAnswer\": {\n        \"@type\": \"Answer\",\n        \"text\": \"De acordo com o F\u00f3rum Econ\u00f4mico Mundial, as \u00e1reas com maior crescimento projetado s\u00e3o Big Data (113%), FinTech Engineering (93%), Intelig\u00eancia Artificial e Machine Learning (82%), Desenvolvimento de Software (57%), Gest\u00e3o de Seguran\u00e7a (53%) e UX\/UI Design (48%).\"\n      }\n    },\n    {\n      \"@type\": \"Question\",\n      \"name\": \"Por que faltam profissionais de TI no Brasil mesmo com tanta demanda?\",\n      \"acceptedAnswer\": {\n        \"@type\": \"Answer\",\n        \"text\": \"Segundo dados da Brasscom, entre 2019 e 2024 o setor de TIC demandou 665 mil profissionais, mas apenas 464 mil se formaram no per\u00edodo, um descasamento de 30,2% entre oferta e demanda que se concentra especialmente em desenvolvimento de software, dados, cloud e ciberseguran\u00e7a.\"\n      }\n    },\n    {\n      \"@type\": \"Question\",\n      \"name\": \"Vale mais contratar um time interno ou terceirizar o desenvolvimento em 2027?\",\n      \"acceptedAnswer\": {\n        \"@type\": \"Answer\",\n        \"text\": \"Depende da urg\u00eancia e da disponibilidade de talento na \u00e1rea espec\u00edfica. Para projetos estrat\u00e9gicos com prazo definido, em \u00e1reas onde a contrata\u00e7\u00e3o interna costuma ser mais lenta, um squad dedicado permite manter o controle da gest\u00e3o sem depender do tempo de um processo seletivo completo.\"\n      }\n    },\n    {\n      \"@type\": \"Question\",\n      \"name\": \"Como a intelig\u00eancia artificial est\u00e1 mudando o desenvolvimento de software?\",\n      \"acceptedAnswer\": {\n        \"@type\": \"Answer\",\n        \"text\": \"Al\u00e9m de aparecer no produto final, a IA passou a integrar o pr\u00f3prio processo de desenvolvimento, apoiando desde o mapeamento de escopo at\u00e9 o code review. O Gartner projeta que plataformas de desenvolvimento nativas em IA v\u00e3o se tornar cada vez mais comuns em ambientes corporativos.\"\n      }\n    },\n    {\n      \"@type\": \"Question\",\n      \"name\": \"Como preparar minha empresa para as tend\u00eancias de TI de 2027?\",\n      \"acceptedAnswer\": {\n        \"@type\": \"Answer\",\n        \"text\": \"O primeiro passo \u00e9 mapear quais \u00e1reas (IA, dados, ciberseguran\u00e7a, cloud, desenvolvimento) s\u00e3o mais cr\u00edticas para o seu neg\u00f3cio nos pr\u00f3ximos anos. Em seguida, avaliar se o time interno consegue executar essa prioridade no prazo necess\u00e1rio; quando n\u00e3o consegue, complementar a opera\u00e7\u00e3o com um squad t\u00e9cnico dedicado costuma ser o caminho mais r\u00e1pido para n\u00e3o perder competitividade.\"\n      }\n    }\n  ]\n}\n<\/script><\/p>\n","protected":false},"excerpt":{"rendered":"<p>Segundo o F\u00f3rum Econ\u00f4mico Mundial, 9 dos 10 empregos com maior potencial de crescimento at\u00e9 2027 est\u00e3o diretamente ligados \u00e0 tecnologia. Para quem trabalha com TI, isso confirma o que j\u00e1 era esperado: intelig\u00eancia artificial, dados, ciberseguran\u00e7a e desenvolvimento de software seguem no centro da economia. Para quem lidera equipes de tecnologia, o dado tem<\/p>\n","protected":false},"author":5,"featured_media":5115,"comment_status":"closed","ping_status":"open","sticky":false,"template":"","format":"standard","meta":{"content-type":"","footnotes":""},"categories":[275],"tags":[],"class_list":["post-5114","post","type-post","status-publish","format-standard","has-post-thumbnail","hentry","category-inovacao"],"yoast_head":"<!-- This site is optimized with the Yoast SEO plugin v28.1 - https:\/\/yoast.com\/product\/yoast-seo-wordpress\/ -->\n<title>\u00c1reas de TI em alta para 2027: tend\u00eancias, dados e como se preparar- Nextage Blog<\/title>\n<meta name=\"description\" content=\"Descubra as \u00e1reas de TI que mais v\u00e3o crescer at\u00e9 2027, com dados do WEF, Gartner e Brasscom. Veja como preparar sua carreira ou seu time de tecnologia.\" \/>\n<meta name=\"robots\" content=\"index, follow, max-snippet:-1, max-image-preview:large, max-video-preview:-1\" \/>\n<link rel=\"canonical\" href=\"https:\/\/nextage.com.br\/blog\/areas-de-ti-em-alta-para-2027-tendencias-dados-e-como-se-preparar\/\" \/>\n<meta property=\"og:locale\" content=\"pt_BR\" \/>\n<meta property=\"og:type\" content=\"article\" \/>\n<meta property=\"og:title\" content=\"\u00c1reas de TI em alta para 2027: tend\u00eancias, dados e como se preparar- Nextage Blog\" \/>\n<meta property=\"og:description\" content=\"Descubra as \u00e1reas de TI que mais v\u00e3o crescer at\u00e9 2027, com dados do WEF, Gartner e Brasscom. Veja como preparar sua carreira ou seu time de tecnologia.\" \/>\n<meta property=\"og:url\" content=\"https:\/\/nextage.com.br\/blog\/areas-de-ti-em-alta-para-2027-tendencias-dados-e-como-se-preparar\/\" \/>\n<meta property=\"og:site_name\" content=\"Nextage Blog\" \/>\n<meta property=\"article:published_time\" content=\"2026-09-02T19:39:13+00:00\" \/>\n<meta property=\"og:image\" content=\"https:\/\/nextage.com.br\/blog\/wp-content\/uploads\/2026\/09\/Areas-de-TI-em-alta-para-2027.avif\" \/>\n\t<meta property=\"og:image:width\" content=\"1200\" \/>\n\t<meta property=\"og:image:height\" content=\"800\" \/>\n\t<meta property=\"og:image:type\" content=\"image\/png\" \/>\n<meta name=\"author\" content=\"Laura Marques\" \/>\n<meta name=\"twitter:card\" content=\"summary_large_image\" \/>\n<meta name=\"twitter:label1\" content=\"Written by\" \/>\n\t<meta name=\"twitter:data1\" content=\"Laura Marques\" \/>\n\t<meta name=\"twitter:label2\" content=\"Est. reading time\" \/>\n\t<meta name=\"twitter:data2\" content=\"12 minutos\" \/>\n<script type=\"application\/ld+json\" class=\"yoast-schema-graph\">{\"@context\":\"https:\\\/\\\/schema.org\",\"@graph\":[{\"@type\":\"Article\",\"@id\":\"https:\\\/\\\/nextage.com.br\\\/blog\\\/areas-de-ti-em-alta-para-2027-tendencias-dados-e-como-se-preparar\\\/#article\",\"isPartOf\":{\"@id\":\"https:\\\/\\\/nextage.com.br\\\/blog\\\/areas-de-ti-em-alta-para-2027-tendencias-dados-e-como-se-preparar\\\/\"},\"author\":{\"name\":\"Laura Marques\",\"@id\":\"https:\\\/\\\/nextage.com.br\\\/blog\\\/#\\\/schema\\\/person\\\/2fdd81129ea968e45b68b610bd9629c0\"},\"headline\":\"\u00c1reas de TI em alta para 2027: tend\u00eancias, dados e como se preparar\",\"datePublished\":\"2026-09-02T19:39:13+00:00\",\"mainEntityOfPage\":{\"@id\":\"https:\\\/\\\/nextage.com.br\\\/blog\\\/areas-de-ti-em-alta-para-2027-tendencias-dados-e-como-se-preparar\\\/\"},\"wordCount\":2066,\"publisher\":{\"@id\":\"https:\\\/\\\/nextage.com.br\\\/blog\\\/#organization\"},\"image\":{\"@id\":\"https:\\\/\\\/nextage.com.br\\\/blog\\\/areas-de-ti-em-alta-para-2027-tendencias-dados-e-como-se-preparar\\\/#primaryimage\"},\"thumbnailUrl\":\"https:\\\/\\\/nextage.com.br\\\/blog\\\/wp-content\\\/uploads\\\/2026\\\/09\\\/Areas-de-TI-em-alta-para-2027.avif\",\"articleSection\":[\"Inova\u00e7\u00e3o\"],\"inLanguage\":\"pt-BR\"},{\"@type\":\"WebPage\",\"@id\":\"https:\\\/\\\/nextage.com.br\\\/blog\\\/areas-de-ti-em-alta-para-2027-tendencias-dados-e-como-se-preparar\\\/\",\"url\":\"https:\\\/\\\/nextage.com.br\\\/blog\\\/areas-de-ti-em-alta-para-2027-tendencias-dados-e-como-se-preparar\\\/\",\"name\":\"\u00c1reas de TI em alta para 2027: tend\u00eancias, dados e como se preparar- Nextage Blog\",\"isPartOf\":{\"@id\":\"https:\\\/\\\/nextage.com.br\\\/blog\\\/#website\"},\"primaryImageOfPage\":{\"@id\":\"https:\\\/\\\/nextage.com.br\\\/blog\\\/areas-de-ti-em-alta-para-2027-tendencias-dados-e-como-se-preparar\\\/#primaryimage\"},\"image\":{\"@id\":\"https:\\\/\\\/nextage.com.br\\\/blog\\\/areas-de-ti-em-alta-para-2027-tendencias-dados-e-como-se-preparar\\\/#primaryimage\"},\"thumbnailUrl\":\"https:\\\/\\\/nextage.com.br\\\/blog\\\/wp-content\\\/uploads\\\/2026\\\/09\\\/Areas-de-TI-em-alta-para-2027.avif\",\"datePublished\":\"2026-09-02T19:39:13+00:00\",\"description\":\"Descubra as \u00e1reas de TI que mais v\u00e3o crescer at\u00e9 2027, com dados do WEF, Gartner e Brasscom. Veja como preparar sua carreira ou seu time de tecnologia.\",\"breadcrumb\":{\"@id\":\"https:\\\/\\\/nextage.com.br\\\/blog\\\/areas-de-ti-em-alta-para-2027-tendencias-dados-e-como-se-preparar\\\/#breadcrumb\"},\"inLanguage\":\"pt-BR\",\"potentialAction\":[{\"@type\":\"ReadAction\",\"target\":[\"https:\\\/\\\/nextage.com.br\\\/blog\\\/areas-de-ti-em-alta-para-2027-tendencias-dados-e-como-se-preparar\\\/\"]}]},{\"@type\":\"ImageObject\",\"inLanguage\":\"pt-BR\",\"@id\":\"https:\\\/\\\/nextage.com.br\\\/blog\\\/areas-de-ti-em-alta-para-2027-tendencias-dados-e-como-se-preparar\\\/#primaryimage\",\"url\":\"https:\\\/\\\/nextage.com.br\\\/blog\\\/wp-content\\\/uploads\\\/2026\\\/09\\\/Areas-de-TI-em-alta-para-2027.avif\",\"contentUrl\":\"https:\\\/\\\/nextage.com.br\\\/blog\\\/wp-content\\\/uploads\\\/2026\\\/09\\\/Areas-de-TI-em-alta-para-2027.avif\",\"width\":1200,\"height\":800,\"caption\":\"Executivo de terno aponta para o texto \\\"I.T.\\\" em um painel digital com \u00edcones de tecnologia, gest\u00e3o e neg\u00f3cios, representando as \u00e1reas de TI em alta para 2027.\"},{\"@type\":\"BreadcrumbList\",\"@id\":\"https:\\\/\\\/nextage.com.br\\\/blog\\\/areas-de-ti-em-alta-para-2027-tendencias-dados-e-como-se-preparar\\\/#breadcrumb\",\"itemListElement\":[{\"@type\":\"ListItem\",\"position\":1,\"name\":\"Home\",\"item\":\"https:\\\/\\\/nextage.com.br\\\/blog\\\/\"},{\"@type\":\"ListItem\",\"position\":2,\"name\":\"\u00c1reas de TI em alta para 2027: tend\u00eancias, dados e como se preparar\"}]},{\"@type\":\"WebSite\",\"@id\":\"https:\\\/\\\/nextage.com.br\\\/blog\\\/#website\",\"url\":\"https:\\\/\\\/nextage.com.br\\\/blog\\\/\",\"name\":\"Nextage Blog\",\"description\":\"\",\"publisher\":{\"@id\":\"https:\\\/\\\/nextage.com.br\\\/blog\\\/#organization\"},\"potentialAction\":[{\"@type\":\"SearchAction\",\"target\":{\"@type\":\"EntryPoint\",\"urlTemplate\":\"https:\\\/\\\/nextage.com.br\\\/blog\\\/?s={search_term_string}\"},\"query-input\":{\"@type\":\"PropertyValueSpecification\",\"valueRequired\":true,\"valueName\":\"search_term_string\"}}],\"inLanguage\":\"pt-BR\"},{\"@type\":\"Organization\",\"@id\":\"https:\\\/\\\/nextage.com.br\\\/blog\\\/#organization\",\"name\":\"Nextage Blog\",\"url\":\"https:\\\/\\\/nextage.com.br\\\/blog\\\/\",\"logo\":{\"@type\":\"ImageObject\",\"inLanguage\":\"pt-BR\",\"@id\":\"https:\\\/\\\/nextage.com.br\\\/blog\\\/#\\\/schema\\\/logo\\\/image\\\/\",\"url\":\"https:\\\/\\\/nextage.com.br\\\/blog\\\/wp-content\\\/uploads\\\/2025\\\/01\\\/cropped-logo-nextage-completo-scaled-1.webp\",\"contentUrl\":\"https:\\\/\\\/nextage.com.br\\\/blog\\\/wp-content\\\/uploads\\\/2025\\\/01\\\/cropped-logo-nextage-completo-scaled-1.webp\",\"width\":2558,\"height\":556,\"caption\":\"Nextage Blog\"},\"image\":{\"@id\":\"https:\\\/\\\/nextage.com.br\\\/blog\\\/#\\\/schema\\\/logo\\\/image\\\/\"}},{\"@type\":\"Person\",\"@id\":\"https:\\\/\\\/nextage.com.br\\\/blog\\\/#\\\/schema\\\/person\\\/2fdd81129ea968e45b68b610bd9629c0\",\"name\":\"Laura Marques\",\"image\":{\"@type\":\"ImageObject\",\"inLanguage\":\"pt-BR\",\"@id\":\"https:\\\/\\\/nextage.com.br\\\/blog\\\/wp-content\\\/uploads\\\/2026\\\/01\\\/cropped-foto-perfil-avatar-96x96.webp\",\"url\":\"https:\\\/\\\/nextage.com.br\\\/blog\\\/wp-content\\\/uploads\\\/2026\\\/01\\\/cropped-foto-perfil-avatar-96x96.webp\",\"contentUrl\":\"https:\\\/\\\/nextage.com.br\\\/blog\\\/wp-content\\\/uploads\\\/2026\\\/01\\\/cropped-foto-perfil-avatar-96x96.webp\",\"caption\":\"Laura Marques\"},\"description\":\"Graduada em Letras - Portugu\u00eas pela Universidade Tecnol\u00f3gica Federal do Paran\u00e1 (UTFPR), especialista em conte\u00fado para o setor de tecnologia. Escrevo para transformar inova\u00e7\u00e3o em boas hist\u00f3rias e ajudar empresas a alcan\u00e7ar o pr\u00f3ximo n\u00edvel de transforma\u00e7\u00e3o digital.\",\"url\":\"https:\\\/\\\/nextage.com.br\\\/blog\\\/author\\\/laura\\\/\"}]}<\/script>\n<!-- \/ Yoast SEO plugin. -->","yoast_head_json":{"title":"\u00c1reas de TI em alta para 2027: tend\u00eancias, dados e como se preparar- Nextage Blog","description":"Descubra as \u00e1reas de TI que mais v\u00e3o crescer at\u00e9 2027, com dados do WEF, Gartner e Brasscom. Veja como preparar sua carreira ou seu time de tecnologia.","robots":{"index":"index","follow":"follow","max-snippet":"max-snippet:-1","max-image-preview":"max-image-preview:large","max-video-preview":"max-video-preview:-1"},"canonical":"https:\/\/nextage.com.br\/blog\/areas-de-ti-em-alta-para-2027-tendencias-dados-e-como-se-preparar\/","og_locale":"pt_BR","og_type":"article","og_title":"\u00c1reas de TI em alta para 2027: tend\u00eancias, dados e como se preparar- Nextage Blog","og_description":"Descubra as \u00e1reas de TI que mais v\u00e3o crescer at\u00e9 2027, com dados do WEF, Gartner e Brasscom. Veja como preparar sua carreira ou seu time de tecnologia.","og_url":"https:\/\/nextage.com.br\/blog\/areas-de-ti-em-alta-para-2027-tendencias-dados-e-como-se-preparar\/","og_site_name":"Nextage Blog","article_published_time":"2026-09-02T19:39:13+00:00","og_image":[{"width":1200,"height":800,"url":"https:\/\/nextage.com.br\/blog\/wp-content\/uploads\/2026\/09\/Areas-de-TI-em-alta-para-2027.avif","type":"image\/png"}],"author":"Laura Marques","twitter_card":"summary_large_image","twitter_misc":{"Written by":"Laura Marques","Est. reading time":"12 minutos"},"schema":{"@context":"https:\/\/schema.org","@graph":[{"@type":"Article","@id":"https:\/\/nextage.com.br\/blog\/areas-de-ti-em-alta-para-2027-tendencias-dados-e-como-se-preparar\/#article","isPartOf":{"@id":"https:\/\/nextage.com.br\/blog\/areas-de-ti-em-alta-para-2027-tendencias-dados-e-como-se-preparar\/"},"author":{"name":"Laura Marques","@id":"https:\/\/nextage.com.br\/blog\/#\/schema\/person\/2fdd81129ea968e45b68b610bd9629c0"},"headline":"\u00c1reas de TI em alta para 2027: tend\u00eancias, dados e como se preparar","datePublished":"2026-09-02T19:39:13+00:00","mainEntityOfPage":{"@id":"https:\/\/nextage.com.br\/blog\/areas-de-ti-em-alta-para-2027-tendencias-dados-e-como-se-preparar\/"},"wordCount":2066,"publisher":{"@id":"https:\/\/nextage.com.br\/blog\/#organization"},"image":{"@id":"https:\/\/nextage.com.br\/blog\/areas-de-ti-em-alta-para-2027-tendencias-dados-e-como-se-preparar\/#primaryimage"},"thumbnailUrl":"https:\/\/nextage.com.br\/blog\/wp-content\/uploads\/2026\/09\/Areas-de-TI-em-alta-para-2027.avif","articleSection":["Inova\u00e7\u00e3o"],"inLanguage":"pt-BR"},{"@type":"WebPage","@id":"https:\/\/nextage.com.br\/blog\/areas-de-ti-em-alta-para-2027-tendencias-dados-e-como-se-preparar\/","url":"https:\/\/nextage.com.br\/blog\/areas-de-ti-em-alta-para-2027-tendencias-dados-e-como-se-preparar\/","name":"\u00c1reas de TI em alta para 2027: tend\u00eancias, dados e como se preparar- Nextage Blog","isPartOf":{"@id":"https:\/\/nextage.com.br\/blog\/#website"},"primaryImageOfPage":{"@id":"https:\/\/nextage.com.br\/blog\/areas-de-ti-em-alta-para-2027-tendencias-dados-e-como-se-preparar\/#primaryimage"},"image":{"@id":"https:\/\/nextage.com.br\/blog\/areas-de-ti-em-alta-para-2027-tendencias-dados-e-como-se-preparar\/#primaryimage"},"thumbnailUrl":"https:\/\/nextage.com.br\/blog\/wp-content\/uploads\/2026\/09\/Areas-de-TI-em-alta-para-2027.avif","datePublished":"2026-09-02T19:39:13+00:00","description":"Descubra as \u00e1reas de TI que mais v\u00e3o crescer at\u00e9 2027, com dados do WEF, Gartner e Brasscom. Veja como preparar sua carreira ou seu time de tecnologia.","breadcrumb":{"@id":"https:\/\/nextage.com.br\/blog\/areas-de-ti-em-alta-para-2027-tendencias-dados-e-como-se-preparar\/#breadcrumb"},"inLanguage":"pt-BR","potentialAction":[{"@type":"ReadAction","target":["https:\/\/nextage.com.br\/blog\/areas-de-ti-em-alta-para-2027-tendencias-dados-e-como-se-preparar\/"]}]},{"@type":"ImageObject","inLanguage":"pt-BR","@id":"https:\/\/nextage.com.br\/blog\/areas-de-ti-em-alta-para-2027-tendencias-dados-e-como-se-preparar\/#primaryimage","url":"https:\/\/nextage.com.br\/blog\/wp-content\/uploads\/2026\/09\/Areas-de-TI-em-alta-para-2027.avif","contentUrl":"https:\/\/nextage.com.br\/blog\/wp-content\/uploads\/2026\/09\/Areas-de-TI-em-alta-para-2027.avif","width":1200,"height":800,"caption":"Executivo de terno aponta para o texto \"I.T.\" em um painel digital com \u00edcones de tecnologia, gest\u00e3o e neg\u00f3cios, representando as \u00e1reas de TI em alta para 2027."},{"@type":"BreadcrumbList","@id":"https:\/\/nextage.com.br\/blog\/areas-de-ti-em-alta-para-2027-tendencias-dados-e-como-se-preparar\/#breadcrumb","itemListElement":[{"@type":"ListItem","position":1,"name":"Home","item":"https:\/\/nextage.com.br\/blog\/"},{"@type":"ListItem","position":2,"name":"\u00c1reas de TI em alta para 2027: tend\u00eancias, dados e como se preparar"}]},{"@type":"WebSite","@id":"https:\/\/nextage.com.br\/blog\/#website","url":"https:\/\/nextage.com.br\/blog\/","name":"Nextage Blog","description":"","publisher":{"@id":"https:\/\/nextage.com.br\/blog\/#organization"},"potentialAction":[{"@type":"SearchAction","target":{"@type":"EntryPoint","urlTemplate":"https:\/\/nextage.com.br\/blog\/?s={search_term_string}"},"query-input":{"@type":"PropertyValueSpecification","valueRequired":true,"valueName":"search_term_string"}}],"inLanguage":"pt-BR"},{"@type":"Organization","@id":"https:\/\/nextage.com.br\/blog\/#organization","name":"Nextage Blog","url":"https:\/\/nextage.com.br\/blog\/","logo":{"@type":"ImageObject","inLanguage":"pt-BR","@id":"https:\/\/nextage.com.br\/blog\/#\/schema\/logo\/image\/","url":"https:\/\/nextage.com.br\/blog\/wp-content\/uploads\/2025\/01\/cropped-logo-nextage-completo-scaled-1.webp","contentUrl":"https:\/\/nextage.com.br\/blog\/wp-content\/uploads\/2025\/01\/cropped-logo-nextage-completo-scaled-1.webp","width":2558,"height":556,"caption":"Nextage Blog"},"image":{"@id":"https:\/\/nextage.com.br\/blog\/#\/schema\/logo\/image\/"}},{"@type":"Person","@id":"https:\/\/nextage.com.br\/blog\/#\/schema\/person\/2fdd81129ea968e45b68b610bd9629c0","name":"Laura Marques","image":{"@type":"ImageObject","inLanguage":"pt-BR","@id":"https:\/\/nextage.com.br\/blog\/wp-content\/uploads\/2026\/01\/cropped-foto-perfil-avatar-96x96.webp","url":"https:\/\/nextage.com.br\/blog\/wp-content\/uploads\/2026\/01\/cropped-foto-perfil-avatar-96x96.webp","contentUrl":"https:\/\/nextage.com.br\/blog\/wp-content\/uploads\/2026\/01\/cropped-foto-perfil-avatar-96x96.webp","caption":"Laura Marques"},"description":"Graduada em Letras - Portugu\u00eas pela Universidade Tecnol\u00f3gica Federal do Paran\u00e1 (UTFPR), especialista em conte\u00fado para o setor de tecnologia. Escrevo para transformar inova\u00e7\u00e3o em boas hist\u00f3rias e ajudar empresas a alcan\u00e7ar o pr\u00f3ximo n\u00edvel de transforma\u00e7\u00e3o digital.","url":"https:\/\/nextage.com.br\/blog\/author\/laura\/"}]}},"_links":{"self":[{"href":"https:\/\/nextage.com.br\/blog\/wp-json\/wp\/v2\/posts\/5114","targetHints":{"allow":["GET"]}}],"collection":[{"href":"https:\/\/nextage.com.br\/blog\/wp-json\/wp\/v2\/posts"}],"about":[{"href":"https:\/\/nextage.com.br\/blog\/wp-json\/wp\/v2\/types\/post"}],"author":[{"embeddable":true,"href":"https:\/\/nextage.com.br\/blog\/wp-json\/wp\/v2\/users\/5"}],"replies":[{"embeddable":true,"href":"https:\/\/nextage.com.br\/blog\/wp-json\/wp\/v2\/comments?post=5114"}],"version-history":[{"count":1,"href":"https:\/\/nextage.com.br\/blog\/wp-json\/wp\/v2\/posts\/5114\/revisions"}],"predecessor-version":[{"id":5116,"href":"https:\/\/nextage.com.br\/blog\/wp-json\/wp\/v2\/posts\/5114\/revisions\/5116"}],"wp:featuredmedia":[{"embeddable":true,"href":"https:\/\/nextage.com.br\/blog\/wp-json\/wp\/v2\/media\/5115"}],"wp:attachment":[{"href":"https:\/\/nextage.com.br\/blog\/wp-json\/wp\/v2\/media?parent=5114"}],"wp:term":[{"taxonomy":"category","embeddable":true,"href":"https:\/\/nextage.com.br\/blog\/wp-json\/wp\/v2\/categories?post=5114"},{"taxonomy":"post_tag","embeddable":true,"href":"https:\/\/nextage.com.br\/blog\/wp-json\/wp\/v2\/tags?post=5114"}],"curies":[{"name":"wp","href":"https:\/\/api.w.org\/{rel}","templated":true}]}}